{"id":1493,"date":"2019-01-21T18:14:56","date_gmt":"2019-01-21T18:14:56","guid":{"rendered":"https:\/\/www.abcrotomoldeo.com\/?p=1493"},"modified":"2020-07-30T18:20:30","modified_gmt":"2020-07-30T18:20:30","slug":"visitanos-en-made-from-plastics-en-valencia-del-26-al-28-de-febrero","status":"publish","type":"post","link":"https:\/\/www.abcrotomoldeo.com\/es\/visitanos-en-made-from-plastics-en-valencia-del-26-al-28-de-febrero\/","title":{"rendered":"V\u00cdSITANOS EN MADE FROM PLASTICS EN VALENCIA DEL 26 AL 28 DE FEBRERO"},"content":{"rendered":"<p><strong>MADE FROM PLASTICS<\/strong>\u00a0es el principal encuentro de la industria espa\u00f1ola del pl\u00e1stico dirigida tanto a los profesionales del sector como a todas aquellas empresas que necesitan o buscan servicios de fabricaci\u00f3n de pl\u00e1sticos para sus empresas.<\/p>\n<p>Este a\u00f1o, adem\u00e1s de contar con la presencia de las empresas colaboradoras en sus respectivos stands, el certamen cuenta con diversas charlas t\u00e9cnicas,<strong> encuentros B2B organizados y con la presencia de empresas extranjeras invitadas a participar<\/strong> para fomentar el intercambio de tecnolog\u00eda, ideas y negocios en Espa\u00f1a y sus pa\u00edses vecinos.<\/p>\n<p>Dentro de este contexto industrial y de negocios,<strong>\u00a0<span style=\"color: #ffb900;\">ABC<\/span> <span style=\"color: #5c8ebf;\">Rotomoldeo<\/span><span style=\"color: #5c8ebf;\">\u00a0<\/span>desplazar\u00e1 a su equipo comercial y t\u00e9cnico<\/strong> para continuar en su empe\u00f1o de extender el moldeo rotacional. Por lo tanto, supone la oportunidad ideal de conocer m\u00e1s sobre esta <strong>tecnolog\u00eda de moldeo de pl\u00e1sticos de la mano de los mejores expertos<\/strong> en nuestro pa\u00eds y de intercambiar ideas para el desarrollo de nuevos proyectos.<\/p>\n<p>Tanto si deseas conocer m\u00e1s sobre una de las tecnolog\u00edas de moldeo de pl\u00e1sticos que m\u00e1s crece en nuestro pa\u00eds como si ya tiene una idea en mente y quieres iniciar su desarrollo, no dudes en <strong>visitarnos en la Feria de Valencia, Stand B-30 Pabell\u00f3n N2-P2 los d\u00edas 26, 27 y 28 de Febrero.<\/strong><\/p>\n","protected":false},"excerpt":{"rendered":"<p>MADE FROM PLASTICS\u00a0es el principal encuentro de la industria espa\u00f1ola del pl\u00e1stico dirigida tanto a los profesionales del sector como a todas aquellas empresas que necesitan o buscan servicios de fabricaci\u00f3n de pl\u00e1sticos para sus &#8230; <\/p>\n<p class=\"read-more-container\"><a title=\"V\u00cdSITANOS EN MADE FROM PLASTICS EN VALENCIA DEL 26 AL 28 DE FEBRERO\" class=\"read-more button\" href=\"https:\/\/www.abcrotomoldeo.com\/es\/visitanos-en-made-from-plastics-en-valencia-del-26-al-28-de-febrero\/#more-1493\" aria-label=\"Leer m\u00e1s sobre V\u00cdSITANOS EN MADE FROM PLASTICS EN VALENCIA DEL 26 AL 28 DE FEBRERO\">Leer M\u00e1s&#8230;<\/a><\/p>\n","protected":false},"author":1,"featured_media":1495,"comment_status":"closed","ping_status":"closed","sticky":false,"template":"","format":"standard","meta":{"footnotes":""},"categories":[3],"tags":[],"class_list":["post-1493","post","type-post","status-publish","format-standard","has-post-thumbnail","hentry","category-noticias-abc-rotomoldeo","infinite-scroll-item","masonry-post","generate-columns","tablet-grid-50","mobile-grid-100","grid-parent","grid-50"],"yoast_head":"<!-- This site is optimized with the Yoast SEO plugin v27.4 - https:\/\/yoast.com\/product\/yoast-seo-wordpress\/ -->\n<title>V\u00cdSITANOS EN MADE FROM PLASTICS EN VALENCIA DEL 26 AL 28 DE FEBRERO - ABC Rotomoldeo<\/title>\n<meta name=\"robots\" content=\"index, follow, max-snippet:-1, max-image-preview:large, max-video-preview:-1\" \/>\n<link rel=\"canonical\" href=\"https:\/\/www.abcrotomoldeo.com\/es\/visitanos-en-made-from-plastics-en-valencia-del-26-al-28-de-febrero\/\" \/>\n<meta property=\"og:locale\" content=\"es_ES\" \/>\n<meta property=\"og:type\" content=\"article\" \/>\n<meta property=\"og:title\" content=\"V\u00cdSITANOS EN MADE FROM PLASTICS EN VALENCIA DEL 26 AL 28 DE FEBRERO - ABC Rotomoldeo\" \/>\n<meta property=\"og:description\" content=\"MADE FROM PLASTICS\u00a0es el principal encuentro de la industria espa\u00f1ola del pl\u00e1stico dirigida tanto a los profesionales del sector como a todas aquellas empresas que necesitan o buscan servicios de fabricaci\u00f3n de pl\u00e1sticos para sus ... Leer M\u00e1s...\" \/>\n<meta property=\"og:url\" content=\"https:\/\/www.abcrotomoldeo.com\/es\/visitanos-en-made-from-plastics-en-valencia-del-26-al-28-de-febrero\/\" \/>\n<meta property=\"og:site_name\" content=\"ABC Rotomoldeo\" \/>\n<meta property=\"article:publisher\" content=\"https:\/\/www.facebook.com\/ABCRotomoldeo\/\" \/>\n<meta property=\"article:published_time\" content=\"2019-01-21T18:14:56+00:00\" \/>\n<meta property=\"article:modified_time\" content=\"2020-07-30T18:20:30+00:00\" \/>\n<meta property=\"og:image\" content=\"https:\/\/www.abcrotomoldeo.com\/wp-content\/uploads\/2020\/07\/MADE-FROM-PLASTICS-EN-VALENCIA-compressed.jpg\" \/>\n\t<meta property=\"og:image:width\" content=\"600\" \/>\n\t<meta property=\"og:image:height\" content=\"250\" \/>\n\t<meta property=\"og:image:type\" content=\"image\/jpeg\" \/>\n<meta name=\"author\" content=\"manuel\" \/>\n<meta name=\"twitter:card\" content=\"summary_large_image\" \/>\n<meta name=\"twitter:creator\" content=\"@rotomoldeoabc\" \/>\n<meta name=\"twitter:site\" content=\"@rotomoldeoabc\" \/>\n<meta name=\"twitter:label1\" content=\"Escrito por\" \/>\n\t<meta name=\"twitter:data1\" content=\"manuel\" \/>\n\t<meta name=\"twitter:label2\" content=\"Tiempo de lectura\" \/>\n\t<meta name=\"twitter:data2\" content=\"1 minuto\" \/>\n<script type=\"application\/ld+json\" class=\"yoast-schema-graph\">{\"@context\":\"https:\\\/\\\/schema.org\",\"@graph\":[{\"@type\":\"Article\",\"@id\":\"https:\\\/\\\/www.abcrotomoldeo.com\\\/es\\\/visitanos-en-made-from-plastics-en-valencia-del-26-al-28-de-febrero\\\/#article\",\"isPartOf\":{\"@id\":\"https:\\\/\\\/www.abcrotomoldeo.com\\\/es\\\/visitanos-en-made-from-plastics-en-valencia-del-26-al-28-de-febrero\\\/\"},\"author\":{\"name\":\"manuel\",\"@id\":\"https:\\\/\\\/www.abcrotomoldeo.com\\\/es\\\/#\\\/schema\\\/person\\\/a3ca00e580792c40dec7099725adedba\"},\"headline\":\"V\u00cdSITANOS EN MADE FROM PLASTICS EN VALENCIA DEL 26 AL 28 DE FEBRERO\",\"datePublished\":\"2019-01-21T18:14:56+00:00\",\"dateModified\":\"2020-07-30T18:20:30+00:00\",\"mainEntityOfPage\":{\"@id\":\"https:\\\/\\\/www.abcrotomoldeo.com\\\/es\\\/visitanos-en-made-from-plastics-en-valencia-del-26-al-28-de-febrero\\\/\"},\"wordCount\":240,\"publisher\":{\"@id\":\"https:\\\/\\\/www.abcrotomoldeo.com\\\/es\\\/#organization\"},\"image\":{\"@id\":\"https:\\\/\\\/www.abcrotomoldeo.com\\\/es\\\/visitanos-en-made-from-plastics-en-valencia-del-26-al-28-de-febrero\\\/#primaryimage\"},\"thumbnailUrl\":\"https:\\\/\\\/www.abcrotomoldeo.com\\\/wp-content\\\/uploads\\\/2020\\\/07\\\/MADE-FROM-PLASTICS-EN-VALENCIA-compressed.jpg\",\"articleSection\":[\"Noticias ABC Rotomoldeo\"],\"inLanguage\":\"es\"},{\"@type\":\"WebPage\",\"@id\":\"https:\\\/\\\/www.abcrotomoldeo.com\\\/es\\\/visitanos-en-made-from-plastics-en-valencia-del-26-al-28-de-febrero\\\/\",\"url\":\"https:\\\/\\\/www.abcrotomoldeo.com\\\/es\\\/visitanos-en-made-from-plastics-en-valencia-del-26-al-28-de-febrero\\\/\",\"name\":\"V\u00cdSITANOS EN MADE FROM PLASTICS EN VALENCIA DEL 26 AL 28 DE FEBRERO - ABC Rotomoldeo\",\"isPartOf\":{\"@id\":\"https:\\\/\\\/www.abcrotomoldeo.com\\\/es\\\/#website\"},\"primaryImageOfPage\":{\"@id\":\"https:\\\/\\\/www.abcrotomoldeo.com\\\/es\\\/visitanos-en-made-from-plastics-en-valencia-del-26-al-28-de-febrero\\\/#primaryimage\"},\"image\":{\"@id\":\"https:\\\/\\\/www.abcrotomoldeo.com\\\/es\\\/visitanos-en-made-from-plastics-en-valencia-del-26-al-28-de-febrero\\\/#primaryimage\"},\"thumbnailUrl\":\"https:\\\/\\\/www.abcrotomoldeo.com\\\/wp-content\\\/uploads\\\/2020\\\/07\\\/MADE-FROM-PLASTICS-EN-VALENCIA-compressed.jpg\",\"datePublished\":\"2019-01-21T18:14:56+00:00\",\"dateModified\":\"2020-07-30T18:20:30+00:00\",\"breadcrumb\":{\"@id\":\"https:\\\/\\\/www.abcrotomoldeo.com\\\/es\\\/visitanos-en-made-from-plastics-en-valencia-del-26-al-28-de-febrero\\\/#breadcrumb\"},\"inLanguage\":\"es\",\"potentialAction\":[{\"@type\":\"ReadAction\",\"target\":[\"https:\\\/\\\/www.abcrotomoldeo.com\\\/es\\\/visitanos-en-made-from-plastics-en-valencia-del-26-al-28-de-febrero\\\/\"]}]},{\"@type\":\"ImageObject\",\"inLanguage\":\"es\",\"@id\":\"https:\\\/\\\/www.abcrotomoldeo.com\\\/es\\\/visitanos-en-made-from-plastics-en-valencia-del-26-al-28-de-febrero\\\/#primaryimage\",\"url\":\"https:\\\/\\\/www.abcrotomoldeo.com\\\/wp-content\\\/uploads\\\/2020\\\/07\\\/MADE-FROM-PLASTICS-EN-VALENCIA-compressed.jpg\",\"contentUrl\":\"https:\\\/\\\/www.abcrotomoldeo.com\\\/wp-content\\\/uploads\\\/2020\\\/07\\\/MADE-FROM-PLASTICS-EN-VALENCIA-compressed.jpg\",\"width\":600,\"height\":250},{\"@type\":\"BreadcrumbList\",\"@id\":\"https:\\\/\\\/www.abcrotomoldeo.com\\\/es\\\/visitanos-en-made-from-plastics-en-valencia-del-26-al-28-de-febrero\\\/#breadcrumb\",\"itemListElement\":[{\"@type\":\"ListItem\",\"position\":1,\"name\":\"Portada\",\"item\":\"https:\\\/\\\/www.abcrotomoldeo.com\\\/es\\\/\"},{\"@type\":\"ListItem\",\"position\":2,\"name\":\"V\u00cdSITANOS EN MADE FROM PLASTICS EN VALENCIA DEL 26 AL 28 DE FEBRERO\"}]},{\"@type\":\"WebSite\",\"@id\":\"https:\\\/\\\/www.abcrotomoldeo.com\\\/es\\\/#website\",\"url\":\"https:\\\/\\\/www.abcrotomoldeo.com\\\/es\\\/\",\"name\":\"ABC Rotomoldeo, Rotomolding Global Concept\",\"description\":\"Empresa l\u00edder en T\u00e9cnicas de Rotomoldeo\",\"publisher\":{\"@id\":\"https:\\\/\\\/www.abcrotomoldeo.com\\\/es\\\/#organization\"},\"potentialAction\":[{\"@type\":\"SearchAction\",\"target\":{\"@type\":\"EntryPoint\",\"urlTemplate\":\"https:\\\/\\\/www.abcrotomoldeo.com\\\/es\\\/?s={search_term_string}\"},\"query-input\":{\"@type\":\"PropertyValueSpecification\",\"valueRequired\":true,\"valueName\":\"search_term_string\"}}],\"inLanguage\":\"es\"},{\"@type\":\"Organization\",\"@id\":\"https:\\\/\\\/www.abcrotomoldeo.com\\\/es\\\/#organization\",\"name\":\"ABC Rotomoldeo\",\"url\":\"https:\\\/\\\/www.abcrotomoldeo.com\\\/es\\\/\",\"logo\":{\"@type\":\"ImageObject\",\"inLanguage\":\"es\",\"@id\":\"https:\\\/\\\/www.abcrotomoldeo.com\\\/es\\\/#\\\/schema\\\/logo\\\/image\\\/\",\"url\":\"https:\\\/\\\/www.abcrotomoldeo.com\\\/wp-content\\\/uploads\\\/2020\\\/03\\\/LOGO-ABC-ROTOMOLDEO-512.png\",\"contentUrl\":\"https:\\\/\\\/www.abcrotomoldeo.com\\\/wp-content\\\/uploads\\\/2020\\\/03\\\/LOGO-ABC-ROTOMOLDEO-512.png\",\"width\":500,\"height\":101,\"caption\":\"ABC Rotomoldeo\"},\"image\":{\"@id\":\"https:\\\/\\\/www.abcrotomoldeo.com\\\/es\\\/#\\\/schema\\\/logo\\\/image\\\/\"},\"sameAs\":[\"https:\\\/\\\/www.facebook.com\\\/ABCRotomoldeo\\\/\",\"https:\\\/\\\/x.com\\\/rotomoldeoabc\",\"https:\\\/\\\/es.linkedin.com\\\/company\\\/abc-rotomoldeo-industrial\",\"https:\\\/\\\/www.youtube.com\\\/channel\\\/UCXaxE_3IN9FQoJKFw1aIOgA\"]},{\"@type\":\"Person\",\"@id\":\"https:\\\/\\\/www.abcrotomoldeo.com\\\/es\\\/#\\\/schema\\\/person\\\/a3ca00e580792c40dec7099725adedba\",\"name\":\"manuel\",\"image\":{\"@type\":\"ImageObject\",\"inLanguage\":\"es\",\"@id\":\"https:\\\/\\\/secure.gravatar.com\\\/avatar\\\/e12825c9076c0954978bf40c5df0e61617f7da223f04facd176c17fc5be58bcd?s=96&d=mm&r=g\",\"url\":\"https:\\\/\\\/secure.gravatar.com\\\/avatar\\\/e12825c9076c0954978bf40c5df0e61617f7da223f04facd176c17fc5be58bcd?s=96&d=mm&r=g\",\"contentUrl\":\"https:\\\/\\\/secure.gravatar.com\\\/avatar\\\/e12825c9076c0954978bf40c5df0e61617f7da223f04facd176c17fc5be58bcd?s=96&d=mm&r=g\",\"caption\":\"manuel\"}}]}<\/script>\n<!-- \/ Yoast SEO plugin. -->","yoast_head_json":{"title":"V\u00cdSITANOS EN MADE FROM PLASTICS EN VALENCIA DEL 26 AL 28 DE FEBRERO - ABC Rotomoldeo","robots":{"index":"index","follow":"follow","max-snippet":"max-snippet:-1","max-image-preview":"max-image-preview:large","max-video-preview":"max-video-preview:-1"},"canonical":"https:\/\/www.abcrotomoldeo.com\/es\/visitanos-en-made-from-plastics-en-valencia-del-26-al-28-de-febrero\/","og_locale":"es_ES","og_type":"article","og_title":"V\u00cdSITANOS EN MADE FROM PLASTICS EN VALENCIA DEL 26 AL 28 DE FEBRERO - ABC Rotomoldeo","og_description":"MADE FROM PLASTICS\u00a0es el principal encuentro de la industria espa\u00f1ola del pl\u00e1stico dirigida tanto a los profesionales del sector como a todas aquellas empresas que necesitan o buscan servicios de fabricaci\u00f3n de pl\u00e1sticos para sus ... Leer M\u00e1s...","og_url":"https:\/\/www.abcrotomoldeo.com\/es\/visitanos-en-made-from-plastics-en-valencia-del-26-al-28-de-febrero\/","og_site_name":"ABC Rotomoldeo","article_publisher":"https:\/\/www.facebook.com\/ABCRotomoldeo\/","article_published_time":"2019-01-21T18:14:56+00:00","article_modified_time":"2020-07-30T18:20:30+00:00","og_image":[{"width":600,"height":250,"url":"https:\/\/www.abcrotomoldeo.com\/wp-content\/uploads\/2020\/07\/MADE-FROM-PLASTICS-EN-VALENCIA-compressed.jpg","type":"image\/jpeg"}],"author":"manuel","twitter_card":"summary_large_image","twitter_creator":"@rotomoldeoabc","twitter_site":"@rotomoldeoabc","twitter_misc":{"Escrito por":"manuel","Tiempo de lectura":"1 minuto"},"schema":{"@context":"https:\/\/schema.org","@graph":[{"@type":"Article","@id":"https:\/\/www.abcrotomoldeo.com\/es\/visitanos-en-made-from-plastics-en-valencia-del-26-al-28-de-febrero\/#article","isPartOf":{"@id":"https:\/\/www.abcrotomoldeo.com\/es\/visitanos-en-made-from-plastics-en-valencia-del-26-al-28-de-febrero\/"},"author":{"name":"manuel","@id":"https:\/\/www.abcrotomoldeo.com\/es\/#\/schema\/person\/a3ca00e580792c40dec7099725adedba"},"headline":"V\u00cdSITANOS EN MADE FROM PLASTICS EN VALENCIA DEL 26 AL 28 DE FEBRERO","datePublished":"2019-01-21T18:14:56+00:00","dateModified":"2020-07-30T18:20:30+00:00","mainEntityOfPage":{"@id":"https:\/\/www.abcrotomoldeo.com\/es\/visitanos-en-made-from-plastics-en-valencia-del-26-al-28-de-febrero\/"},"wordCount":240,"publisher":{"@id":"https:\/\/www.abcrotomoldeo.com\/es\/#organization"},"image":{"@id":"https:\/\/www.abcrotomoldeo.com\/es\/visitanos-en-made-from-plastics-en-valencia-del-26-al-28-de-febrero\/#primaryimage"},"thumbnailUrl":"https:\/\/www.abcrotomoldeo.com\/wp-content\/uploads\/2020\/07\/MADE-FROM-PLASTICS-EN-VALENCIA-compressed.jpg","articleSection":["Noticias ABC Rotomoldeo"],"inLanguage":"es"},{"@type":"WebPage","@id":"https:\/\/www.abcrotomoldeo.com\/es\/visitanos-en-made-from-plastics-en-valencia-del-26-al-28-de-febrero\/","url":"https:\/\/www.abcrotomoldeo.com\/es\/visitanos-en-made-from-plastics-en-valencia-del-26-al-28-de-febrero\/","name":"V\u00cdSITANOS EN MADE FROM PLASTICS EN VALENCIA DEL 26 AL 28 DE FEBRERO - ABC Rotomoldeo","isPartOf":{"@id":"https:\/\/www.abcrotomoldeo.com\/es\/#website"},"primaryImageOfPage":{"@id":"https:\/\/www.abcrotomoldeo.com\/es\/visitanos-en-made-from-plastics-en-valencia-del-26-al-28-de-febrero\/#primaryimage"},"image":{"@id":"https:\/\/www.abcrotomoldeo.com\/es\/visitanos-en-made-from-plastics-en-valencia-del-26-al-28-de-febrero\/#primaryimage"},"thumbnailUrl":"https:\/\/www.abcrotomoldeo.com\/wp-content\/uploads\/2020\/07\/MADE-FROM-PLASTICS-EN-VALENCIA-compressed.jpg","datePublished":"2019-01-21T18:14:56+00:00","dateModified":"2020-07-30T18:20:30+00:00","breadcrumb":{"@id":"https:\/\/www.abcrotomoldeo.com\/es\/visitanos-en-made-from-plastics-en-valencia-del-26-al-28-de-febrero\/#breadcrumb"},"inLanguage":"es","potentialAction":[{"@type":"ReadAction","target":["https:\/\/www.abcrotomoldeo.com\/es\/visitanos-en-made-from-plastics-en-valencia-del-26-al-28-de-febrero\/"]}]},{"@type":"ImageObject","inLanguage":"es","@id":"https:\/\/www.abcrotomoldeo.com\/es\/visitanos-en-made-from-plastics-en-valencia-del-26-al-28-de-febrero\/#primaryimage","url":"https:\/\/www.abcrotomoldeo.com\/wp-content\/uploads\/2020\/07\/MADE-FROM-PLASTICS-EN-VALENCIA-compressed.jpg","contentUrl":"https:\/\/www.abcrotomoldeo.com\/wp-content\/uploads\/2020\/07\/MADE-FROM-PLASTICS-EN-VALENCIA-compressed.jpg","width":600,"height":250},{"@type":"BreadcrumbList","@id":"https:\/\/www.abcrotomoldeo.com\/es\/visitanos-en-made-from-plastics-en-valencia-del-26-al-28-de-febrero\/#breadcrumb","itemListElement":[{"@type":"ListItem","position":1,"name":"Portada","item":"https:\/\/www.abcrotomoldeo.com\/es\/"},{"@type":"ListItem","position":2,"name":"V\u00cdSITANOS EN MADE FROM PLASTICS EN VALENCIA DEL 26 AL 28 DE FEBRERO"}]},{"@type":"WebSite","@id":"https:\/\/www.abcrotomoldeo.com\/es\/#website","url":"https:\/\/www.abcrotomoldeo.com\/es\/","name":"ABC Rotomoldeo, Rotomolding Global Concept","description":"Empresa l\u00edder en T\u00e9cnicas de Rotomoldeo","publisher":{"@id":"https:\/\/www.abcrotomoldeo.com\/es\/#organization"},"potentialAction":[{"@type":"SearchAction","target":{"@type":"EntryPoint","urlTemplate":"https:\/\/www.abcrotomoldeo.com\/es\/?s={search_term_string}"},"query-input":{"@type":"PropertyValueSpecification","valueRequired":true,"valueName":"search_term_string"}}],"inLanguage":"es"},{"@type":"Organization","@id":"https:\/\/www.abcrotomoldeo.com\/es\/#organization","name":"ABC Rotomoldeo","url":"https:\/\/www.abcrotomoldeo.com\/es\/","logo":{"@type":"ImageObject","inLanguage":"es","@id":"https:\/\/www.abcrotomoldeo.com\/es\/#\/schema\/logo\/image\/","url":"https:\/\/www.abcrotomoldeo.com\/wp-content\/uploads\/2020\/03\/LOGO-ABC-ROTOMOLDEO-512.png","contentUrl":"https:\/\/www.abcrotomoldeo.com\/wp-content\/uploads\/2020\/03\/LOGO-ABC-ROTOMOLDEO-512.png","width":500,"height":101,"caption":"ABC Rotomoldeo"},"image":{"@id":"https:\/\/www.abcrotomoldeo.com\/es\/#\/schema\/logo\/image\/"},"sameAs":["https:\/\/www.facebook.com\/ABCRotomoldeo\/","https:\/\/x.com\/rotomoldeoabc","https:\/\/es.linkedin.com\/company\/abc-rotomoldeo-industrial","https:\/\/www.youtube.com\/channel\/UCXaxE_3IN9FQoJKFw1aIOgA"]},{"@type":"Person","@id":"https:\/\/www.abcrotomoldeo.com\/es\/#\/schema\/person\/a3ca00e580792c40dec7099725adedba","name":"manuel","image":{"@type":"ImageObject","inLanguage":"es","@id":"https:\/\/secure.gravatar.com\/avatar\/e12825c9076c0954978bf40c5df0e61617f7da223f04facd176c17fc5be58bcd?s=96&d=mm&r=g","url":"https:\/\/secure.gravatar.com\/avatar\/e12825c9076c0954978bf40c5df0e61617f7da223f04facd176c17fc5be58bcd?s=96&d=mm&r=g","contentUrl":"https:\/\/secure.gravatar.com\/avatar\/e12825c9076c0954978bf40c5df0e61617f7da223f04facd176c17fc5be58bcd?s=96&d=mm&r=g","caption":"manuel"}}]}},"_links":{"self":[{"href":"https:\/\/www.abcrotomoldeo.com\/es\/wp-json\/wp\/v2\/posts\/1493","targetHints":{"allow":["GET"]}}],"collection":[{"href":"https:\/\/www.abcrotomoldeo.com\/es\/wp-json\/wp\/v2\/posts"}],"about":[{"href":"https:\/\/www.abcrotomoldeo.com\/es\/wp-json\/wp\/v2\/types\/post"}],"author":[{"embeddable":true,"href":"https:\/\/www.abcrotomoldeo.com\/es\/wp-json\/wp\/v2\/users\/1"}],"replies":[{"embeddable":true,"href":"https:\/\/www.abcrotomoldeo.com\/es\/wp-json\/wp\/v2\/comments?post=1493"}],"version-history":[{"count":0,"href":"https:\/\/www.abcrotomoldeo.com\/es\/wp-json\/wp\/v2\/posts\/1493\/revisions"}],"wp:featuredmedia":[{"embeddable":true,"href":"https:\/\/www.abcrotomoldeo.com\/es\/wp-json\/wp\/v2\/media\/1495"}],"wp:attachment":[{"href":"https:\/\/www.abcrotomoldeo.com\/es\/wp-json\/wp\/v2\/media?parent=1493"}],"wp:term":[{"taxonomy":"category","embeddable":true,"href":"https:\/\/www.abcrotomoldeo.com\/es\/wp-json\/wp\/v2\/categories?post=1493"},{"taxonomy":"post_tag","embeddable":true,"href":"https:\/\/www.abcrotomoldeo.com\/es\/wp-json\/wp\/v2\/tags?post=1493"}],"curies":[{"name":"wp","href":"https:\/\/api.w.org\/{rel}","templated":true}]}}